{"id":20267,"date":"2023-12-14T14:08:36","date_gmt":"2023-12-14T12:08:36","guid":{"rendered":"https:\/\/umfst.ro\/?p=20267"},"modified":"2024-08-13T15:46:26","modified_gmt":"2024-08-13T12:46:26","slug":"demersuri-pentru-infiintarea-unei-noi-specializari-in-domeniul-arhitecturii-si-al-ingineriei-constructiilor","status":"publish","type":"post","link":"https:\/\/umfst.ro\/en\/blog\/demersuri-pentru-infiintarea-unei-noi-specializari-in-domeniul-arhitecturii-si-al-ingineriei-constructiilor\/","title":{"rendered":"Demersuri pentru \u00eenfiin\u021barea unei noi specializ\u0103ri \u00een domeniul arhitecturii \u0219i al ingineriei construc\u021biilor"},"content":{"rendered":"<p><\/p>\n\n\n\n<p>Universitatea de Medicin\u0103, Farmacie, \u0218tiin\u021be \u0219i Tehnologie \u201eGeorge Emil Palade\u201d din T\u00e2rgu Mure\u0219 a primit joi, 14 decembrie 2023, vizita delega\u021biei Universit\u0103\u021bii \u00d3buda din Budapesta, Ungaria, prilej cu care a fost semnat un acord bilateral \u00eentre Facultatea de Inginerie \u0219i Tehnologia Informa\u021biei \u0219i Facultatea de Arhitectur\u0103 \u0219i Inginerie Civil\u0103 \u201eYbl Mikl\u00f3s\u201d pentru \u00eenfiin\u021barea unei noi specializ\u0103ri \u00een domeniul arhitecturii \u0219i al ingineriei construc\u021biilor.<\/p>\n\n\n\n<p>Rectorul UMFST G.E. Palade T\u00e2rgu Mure\u0219, prof. univ. dr. Leonard Azamfirei, decanul Facult\u0103\u021bii de Inginerie \u0219i Tehnologia Informa\u021biei, prof. univ. dr. ing. Liviu Moldovan, \u0219i decanul Facult\u0103\u021bii de Arhitectur\u0103 \u0219i Inginerie Civil\u0103 \u201eYbl Mikl\u00f3s\u201d, prof. univ. dr. arh. Anthony Gall, au purtat discu\u021bii pentru crearea unei noi specializ\u0103ri, care s\u0103 func\u021bioneze dup\u0103 o curricul\u0103 comun\u0103, iar preg\u0103tirea studen\u021bilor s\u0103 fie asigurat\u0103 de cadre didactice de la cele dou\u0103 universit\u0103\u021bi.<\/p>\n\n\n\n<p>\u00cen cadrul acestui parteneriat, un rol important \u00eei va reveni mediului economic din regiunea Centru \u0219i Ordinului Arhitec\u021bilor din Rom\u00e2nia, filiala Mure\u0219, reprezentat de arh. Angela Kov\u00e1cs.<\/p>","protected":false},"excerpt":{"rendered":"<p>Universitatea de Medicin\u0103, Farmacie, \u0218tiin\u021be \u0219i Tehnologie \u201eGeorge Emil Palade\u201d din T\u00e2rgu Mure\u0219 a primit joi, 14 decembrie 2023, vizita delega\u021biei Universit\u0103\u021bii \u00d3buda din Budapesta, Ungaria, prilej cu care a fost semnat un acord bilateral \u00eentre Facultatea de Inginerie \u0219i Tehnologia Informa\u021biei \u0219i Facultatea de Arhitectur\u0103 \u0219i Inginerie Civil\u0103 \u201eYbl Mikl\u00f3s\u201d pentru \u00eenfiin\u021barea unei noi [&hellip;]<\/p>\n","protected":false},"author":25,"featured_media":20288,"comment_status":"open","ping_status":"open","sticky":false,"template":"","format":"standard","meta":{"_relevanssi_hide_post":"","_relevanssi_hide_content":"","_relevanssi_pin_for_all":"","_relevanssi_pin_keywords":"","_relevanssi_unpin_keywords":"","_relevanssi_related_keywords":"","_relevanssi_related_include_ids":"","_relevanssi_related_exclude_ids":"","_relevanssi_related_no_append":"","_relevanssi_related_not_related":"","_relevanssi_related_posts":"2384,19876,18755,17439,13223,14164","_relevanssi_noindex_reason":"","footnotes":""},"categories":[38],"tags":[],"subiect":[208],"class_list":["post-20267","post","type-post","status-publish","format-standard","has-post-thumbnail","hentry","category-articol","subiect-info-umfst"],"meta_box":{"titre_du_programme":"","text_b6uo101re2g":"","corp_citat":"","autor_citat":"","imagine_autor_citat":false,"afiliere_autor_citat":""},"_links":{"self":[{"href":"https:\/\/umfst.ro\/en\/wp-json\/wp\/v2\/posts\/20267","targetHints":{"allow":["GET"]}}],"collection":[{"href":"https:\/\/umfst.ro\/en\/wp-json\/wp\/v2\/posts"}],"about":[{"href":"https:\/\/umfst.ro\/en\/wp-json\/wp\/v2\/types\/post"}],"author":[{"embeddable":true,"href":"https:\/\/umfst.ro\/en\/wp-json\/wp\/v2\/users\/25"}],"replies":[{"embeddable":true,"href":"https:\/\/umfst.ro\/en\/wp-json\/wp\/v2\/comments?post=20267"}],"version-history":[{"count":2,"href":"https:\/\/umfst.ro\/en\/wp-json\/wp\/v2\/posts\/20267\/revisions"}],"predecessor-version":[{"id":28964,"href":"https:\/\/umfst.ro\/en\/wp-json\/wp\/v2\/posts\/20267\/revisions\/28964"}],"wp:featuredmedia":[{"embeddable":true,"href":"https:\/\/umfst.ro\/en\/wp-json\/wp\/v2\/media\/20288"}],"wp:attachment":[{"href":"https:\/\/umfst.ro\/en\/wp-json\/wp\/v2\/media?parent=20267"}],"wp:term":[{"taxonomy":"category","embeddable":true,"href":"https:\/\/umfst.ro\/en\/wp-json\/wp\/v2\/categories?post=20267"},{"taxonomy":"post_tag","embeddable":true,"href":"https:\/\/umfst.ro\/en\/wp-json\/wp\/v2\/tags?post=20267"},{"taxonomy":"subiect","embeddable":true,"href":"https:\/\/umfst.ro\/en\/wp-json\/wp\/v2\/subiect?post=20267"}],"curies":[{"name":"wp","href":"https:\/\/api.w.org\/{rel}","templated":true}]}}