{"id":36859,"date":"2025-02-04T17:04:34","date_gmt":"2025-02-04T15:04:34","guid":{"rendered":"https:\/\/umfst.ro\/?p=36859"},"modified":"2025-02-04T17:04:36","modified_gmt":"2025-02-04T15:04:36","slug":"cufarul-poetului-mihai-eminescu-expus-la-muzeul-universitatii-george-emil-palade","status":"publish","type":"post","link":"https:\/\/umfst.ro\/en\/blog\/cufarul-poetului-mihai-eminescu-expus-la-muzeul-universitatii-george-emil-palade\/","title":{"rendered":"Cuf\u0103rul\u00a0poetului Mihai Eminescu, expus la Muzeul Universit\u0103\u021bii \u201eGeorge Emil Palade\u201d"},"content":{"rendered":"<p>Valoarea obiectelor este dat\u0103 de povestea din spatele lor. Obiectele sunt purt\u0103toarele t\u0103cute ale unor pove\u0219ti pe care suntem datori s\u0103 le transmitem mai departe. Cuf\u0103rul poetului Mihai Eminescu spune o parte din povestea vie\u021bii sale, dezv\u0103luind totodat\u0103 \u0219i un fragment din ceea ce este c\u0103l\u0103toria ca form\u0103 de cunoa\u0219tere, acest cuf\u0103r \u00eenso\u021bindu-l \u00een toate c\u0103l\u0103toriilor pe care Mihai Eminescu le-a f\u0103cut de-a lungul vie\u021bii sale. Cuf\u0103rul a servit \u0219i drept spa\u021biu, un \u201etezaur\u201d \u00een care s-au p\u0103strat c\u0103r\u021bile \u015fi manuscrisele sale, cele 44 de caiete-jurnal ale marelui poet.<\/p>\n\n\n\n<p>Muzeul Universit\u0103\u021bii \u201eGeorge Emil Palade\u201d v\u0103 invit\u0103 s\u0103 participa\u021bi miercuri, 5 februarie 2025, la un eveniment cultural deosebit: Istoria prin obiecte tangibile. Cuf\u0103rul poetului Mihai Eminescu, expus la Muzeul Universit\u0103\u021bii \u201eGeorge Emil Palade\u201d.<\/p>\n\n\n\n<p>Renumitul cuf\u0103r, marcat pe placheta central\u0103 cu inscrip\u021bia \u201eM. Eminovici\u201d, l-a \u00eenso\u021bit pe Eminescu de-a lungul \u00eentregii sale vie\u021bi, devenind martor al c\u0103l\u0103toriilor sale prin \u021bar\u0103 \u0219i Europa \u00eenc\u0103 din copil\u0103rie.<\/p>\n\n\n\n<p>Poate \u00een acest cuf\u0103r s\u0103 se fi reg\u0103sit \u0219i versurile marelui poet, pe care le vom (re)cita \u00eempreun\u0103 cu to\u021bi cei prezen\u021bi, m\u00e2ine, 5 februarie, c\u00e2nd vom celebra \u201eZiua Interna\u021bional\u0103 a Cititului \u00cempreun\u0103\u201d, un moment dedicat apropierii oamenilor prin puterea cuvintelor \u0219i a pove\u0219tilor \u00eemp\u0103rt\u0103\u0219ite cu voce tare.<\/p>\n\n\n\n<p>Evenimentul va avea loc la Muzeul Universit\u0103\u021bii \u201eGeorge Emil Palade\u201d (Cetatea Medieval\u0103, Bulevardul Cet\u0103\u021bii, cl\u0103direa Manutan\u021bei, parter), \u00eencep\u00e2nd cu ora 14:00, \u00een prezen\u021ba conducerii Universit\u0103\u021bii \u0219i a domnului Cosmin Pop, cel care a avut generozitatea de a pune la dispozi\u021bia Muzeului acest cuf\u0103r pentru expunere.<\/p>\n\n\n\n<p><\/p>","protected":false},"excerpt":{"rendered":"<p>Valoarea obiectelor este dat\u0103 de povestea din spatele lor. Obiectele sunt purt\u0103toarele t\u0103cute ale unor pove\u0219ti pe care suntem datori s\u0103 le transmitem mai departe. Cuf\u0103rul poetului Mihai Eminescu spune o parte din povestea vie\u021bii sale, dezv\u0103luind totodat\u0103 \u0219i un fragment din ceea ce este c\u0103l\u0103toria ca form\u0103 de cunoa\u0219tere, acest cuf\u0103r \u00eenso\u021bindu-l \u00een toate [&hellip;]<\/p>\n","protected":false},"author":19,"featured_media":36860,"comment_status":"open","ping_status":"open","sticky":false,"template":"","format":"standard","meta":{"_relevanssi_hide_post":"","_relevanssi_hide_content":"","_relevanssi_pin_for_all":"","_relevanssi_pin_keywords":"","_relevanssi_unpin_keywords":"","_relevanssi_related_keywords":"","_relevanssi_related_include_ids":"","_relevanssi_related_exclude_ids":"","_relevanssi_related_no_append":"","_relevanssi_related_not_related":"","_relevanssi_related_posts":"20957,18152,24487,21638,20710,14974","_relevanssi_noindex_reason":"","footnotes":""},"categories":[38],"tags":[],"subiect":[208],"class_list":["post-36859","post","type-post","status-publish","format-standard","has-post-thumbnail","hentry","category-articol","subiect-info-umfst"],"meta_box":{"titre_du_programme":"","text_b6uo101re2g":"","corp_citat":"","autor_citat":"","imagine_autor_citat":false,"afiliere_autor_citat":""},"_links":{"self":[{"href":"https:\/\/umfst.ro\/en\/wp-json\/wp\/v2\/posts\/36859","targetHints":{"allow":["GET"]}}],"collection":[{"href":"https:\/\/umfst.ro\/en\/wp-json\/wp\/v2\/posts"}],"about":[{"href":"https:\/\/umfst.ro\/en\/wp-json\/wp\/v2\/types\/post"}],"author":[{"embeddable":true,"href":"https:\/\/umfst.ro\/en\/wp-json\/wp\/v2\/users\/19"}],"replies":[{"embeddable":true,"href":"https:\/\/umfst.ro\/en\/wp-json\/wp\/v2\/comments?post=36859"}],"version-history":[{"count":1,"href":"https:\/\/umfst.ro\/en\/wp-json\/wp\/v2\/posts\/36859\/revisions"}],"predecessor-version":[{"id":36861,"href":"https:\/\/umfst.ro\/en\/wp-json\/wp\/v2\/posts\/36859\/revisions\/36861"}],"wp:featuredmedia":[{"embeddable":true,"href":"https:\/\/umfst.ro\/en\/wp-json\/wp\/v2\/media\/36860"}],"wp:attachment":[{"href":"https:\/\/umfst.ro\/en\/wp-json\/wp\/v2\/media?parent=36859"}],"wp:term":[{"taxonomy":"category","embeddable":true,"href":"https:\/\/umfst.ro\/en\/wp-json\/wp\/v2\/categories?post=36859"},{"taxonomy":"post_tag","embeddable":true,"href":"https:\/\/umfst.ro\/en\/wp-json\/wp\/v2\/tags?post=36859"},{"taxonomy":"subiect","embeddable":true,"href":"https:\/\/umfst.ro\/en\/wp-json\/wp\/v2\/subiect?post=36859"}],"curies":[{"name":"wp","href":"https:\/\/api.w.org\/{rel}","templated":true}]}}