{"id":41353,"date":"2025-07-03T12:40:57","date_gmt":"2025-07-03T09:40:57","guid":{"rendered":"https:\/\/umfst.ro\/?p=41353"},"modified":"2025-07-03T12:40:59","modified_gmt":"2025-07-03T09:40:59","slug":"cazarea-in-caminele-studentesti-in-anul-universitar-2025-2026","status":"publish","type":"post","link":"https:\/\/umfst.ro\/en\/blog\/cazarea-in-caminele-studentesti-in-anul-universitar-2025-2026\/","title":{"rendered":"Cazarea \u00een c\u0103minele studen\u021be\u0219ti \u00een anul universitar 2025-2026"},"content":{"rendered":"<p>UMFST G.E. Palade T\u00e2rgu Mure\u0219 informeaz\u0103 studen\u021bii cu privire la cazarea \u00een c\u0103minele studen\u021be\u0219ti \u00een anul universitar 2025-2026.<\/p>\n\n\n\n<p>\u00cen prima etap\u0103, studen\u021bii se vor \u00eenscrie online \u00een perioada 4-8 iulie 2025 prin intermediul platformei: cazare.umfst.ro. Studen\u021bii absolven\u021bi (anul universitar 2024-2025) care vor fi \u00eenmatricula\u021bi la alt\u0103 form\u0103 de \u00eenv\u0103\u021b\u0103m\u00e2nt (master) se vor \u00eenscrie \u00een etapa a doua, \u00eentr-o perioad\u0103 pe care o vom comunica \u00een timp util.<\/p>\n\n\n\n<p>Informa\u021bii suplimentare sunt disponibile aici: <a href=\"https:\/\/umfst.ro\/universitate\/directia-administrativa\/serviciul-social\/camine-studentesti\/anunturi\/\">https:\/\/umfst.ro\/universitate\/directia-administrativa\/serviciul-social\/camine-studentesti\/anunturi\/<\/a>.<\/p>","protected":false},"excerpt":{"rendered":"<p>UMFST G.E. Palade T\u00e2rgu Mure\u0219 informeaz\u0103 studen\u021bii cu privire la cazarea \u00een c\u0103minele studen\u021be\u0219ti \u00een anul universitar 2025-2026. \u00cen prima etap\u0103, studen\u021bii se vor \u00eenscrie online \u00een perioada 4-8 iulie 2025 prin intermediul platformei: cazare.umfst.ro. Studen\u021bii absolven\u021bi (anul universitar 2024-2025) care vor fi \u00eenmatricula\u021bi la alt\u0103 form\u0103 de \u00eenv\u0103\u021b\u0103m\u00e2nt (master) se vor \u00eenscrie \u00een etapa [&hellip;]<\/p>\n","protected":false},"author":25,"featured_media":41354,"comment_status":"open","ping_status":"open","sticky":false,"template":"","format":"standard","meta":{"_relevanssi_hide_post":"","_relevanssi_hide_content":"","_relevanssi_pin_for_all":"","_relevanssi_pin_keywords":"","_relevanssi_unpin_keywords":"","_relevanssi_related_keywords":"","_relevanssi_related_include_ids":"","_relevanssi_related_exclude_ids":"","_relevanssi_related_no_append":"","_relevanssi_related_not_related":"","_relevanssi_related_posts":"","_relevanssi_noindex_reason":"","footnotes":""},"categories":[38],"tags":[],"subiect":[209],"class_list":["post-41353","post","type-post","status-publish","format-standard","has-post-thumbnail","hentry","category-articol","subiect-viata-studenteasca"],"meta_box":{"titre_du_programme":"","text_b6uo101re2g":"","corp_citat":"","autor_citat":"","imagine_autor_citat":false,"afiliere_autor_citat":""},"_links":{"self":[{"href":"https:\/\/umfst.ro\/en\/wp-json\/wp\/v2\/posts\/41353","targetHints":{"allow":["GET"]}}],"collection":[{"href":"https:\/\/umfst.ro\/en\/wp-json\/wp\/v2\/posts"}],"about":[{"href":"https:\/\/umfst.ro\/en\/wp-json\/wp\/v2\/types\/post"}],"author":[{"embeddable":true,"href":"https:\/\/umfst.ro\/en\/wp-json\/wp\/v2\/users\/25"}],"replies":[{"embeddable":true,"href":"https:\/\/umfst.ro\/en\/wp-json\/wp\/v2\/comments?post=41353"}],"version-history":[{"count":1,"href":"https:\/\/umfst.ro\/en\/wp-json\/wp\/v2\/posts\/41353\/revisions"}],"predecessor-version":[{"id":41355,"href":"https:\/\/umfst.ro\/en\/wp-json\/wp\/v2\/posts\/41353\/revisions\/41355"}],"wp:featuredmedia":[{"embeddable":true,"href":"https:\/\/umfst.ro\/en\/wp-json\/wp\/v2\/media\/41354"}],"wp:attachment":[{"href":"https:\/\/umfst.ro\/en\/wp-json\/wp\/v2\/media?parent=41353"}],"wp:term":[{"taxonomy":"category","embeddable":true,"href":"https:\/\/umfst.ro\/en\/wp-json\/wp\/v2\/categories?post=41353"},{"taxonomy":"post_tag","embeddable":true,"href":"https:\/\/umfst.ro\/en\/wp-json\/wp\/v2\/tags?post=41353"},{"taxonomy":"subiect","embeddable":true,"href":"https:\/\/umfst.ro\/en\/wp-json\/wp\/v2\/subiect?post=41353"}],"curies":[{"name":"wp","href":"https:\/\/api.w.org\/{rel}","templated":true}]}}