{"id":46095,"date":"2026-02-04T14:30:29","date_gmt":"2026-02-04T12:30:29","guid":{"rendered":"https:\/\/umfst.ro\/?p=46095"},"modified":"2026-02-04T14:30:31","modified_gmt":"2026-02-04T12:30:31","slug":"un-nou-curs-postuniversitar-la-umfst-2","status":"publish","type":"post","link":"https:\/\/umfst.ro\/en\/blog\/un-nou-curs-postuniversitar-la-umfst-2\/","title":{"rendered":"Un nou curs postuniversitar la UMFST"},"content":{"rendered":"<p>UMFST G.E. Palade T\u00e2rgu Mure\u0219, \u00een parteneriat cu Colegiul Na\u0163ional de Afaceri Interne din cadrul Ministerului Afacerilor Interne, anun\u021b\u0103 organizarea, \u00een perioada 12 februarie -20 martie 2026, a Cursului postuniversitar \u201eBioterorism alimentar \u0219i terorism informa\u021bional \u2013 pericole la adresa securit\u0103\u021bii na\u021bionale.\u201d<\/p>\n\n\n\n<p>Programul postuniversitar r\u0103spunde necesit\u0103\u021bilor de formare a speciali\u0219tilor \u0219i deciden\u021bilor din domeniul securit\u0103\u021bii \u0219i s\u0103n\u0103t\u0103\u021bii, constituind o perfec\u021bionare concentrat\u0103 pe tema pericolelor actuale generate de riscurile de securitate multidimensionale rezultate din r\u0103zboiul din Ucraina, coroborate cu formele r\u0103zboiului hibrid.<\/p>\n\n\n\n<p>Planul de \u00eenv\u0103\u021b\u0103m\u00e2nt \u00eembin\u0103 aspectele teoretice cu cele practice necesare \u00een\u021belegerii fenomenelor de securitate vizate \u00een contextul de securitate actual, contribuind la cre\u0219terea gradului de cunoa\u0219tere \u0219i reac\u021bie \u00een caz de criz\u0103 a practicienilor \u00een domeniu.&nbsp;<\/p>\n\n\n\n<p>Informa\u021bii suplimentare referitoare la tax\u0103, documente necesare \u00eenscrierii \u0219i organiz\u0103rii programului se reg\u0103sesc acces\u00e2nd&nbsp;<a href=\"https:\/\/umfst.ro\/info-studenti\/studii\/postuniversitar\/formare-continua\/compartimentul-de-cursuri-postuniversitare-ccp\/\">https:\/\/umfst.ro\/info-studenti\/studii\/postuniversitar\/formare-continua\/compartimentul-de-cursuri-postuniversitare-ccp\/<\/a>.<\/p>","protected":false},"excerpt":{"rendered":"<p>UMFST G.E. Palade T\u00e2rgu Mure\u0219, \u00een parteneriat cu Colegiul Na\u0163ional de Afaceri Interne din cadrul Ministerului Afacerilor Interne, anun\u021b\u0103 organizarea, \u00een perioada 12 februarie -20 martie 2026, a Cursului postuniversitar \u201eBioterorism alimentar \u0219i terorism informa\u021bional \u2013 pericole la adresa securit\u0103\u021bii na\u021bionale.\u201d Programul postuniversitar r\u0103spunde necesit\u0103\u021bilor de formare a speciali\u0219tilor \u0219i deciden\u021bilor din domeniul securit\u0103\u021bii \u0219i [&hellip;]<\/p>\n","protected":false},"author":25,"featured_media":46096,"comment_status":"open","ping_status":"open","sticky":false,"template":"","format":"standard","meta":{"_relevanssi_hide_post":"","_relevanssi_hide_content":"","_relevanssi_pin_for_all":"","_relevanssi_pin_keywords":"","_relevanssi_unpin_keywords":"","_relevanssi_related_keywords":"","_relevanssi_related_include_ids":"","_relevanssi_related_exclude_ids":"","_relevanssi_related_no_append":"","_relevanssi_related_not_related":"","_relevanssi_related_posts":"43252,36299,45067,43036,45205,42709","_relevanssi_noindex_reason":"","footnotes":""},"categories":[38],"tags":[],"subiect":[208],"class_list":["post-46095","post","type-post","status-publish","format-standard","has-post-thumbnail","hentry","category-articol","subiect-info-umfst"],"meta_box":{"titre_du_programme":"","text_b6uo101re2g":"","corp_citat":"","autor_citat":"","imagine_autor_citat":false,"afiliere_autor_citat":""},"_links":{"self":[{"href":"https:\/\/umfst.ro\/en\/wp-json\/wp\/v2\/posts\/46095","targetHints":{"allow":["GET"]}}],"collection":[{"href":"https:\/\/umfst.ro\/en\/wp-json\/wp\/v2\/posts"}],"about":[{"href":"https:\/\/umfst.ro\/en\/wp-json\/wp\/v2\/types\/post"}],"author":[{"embeddable":true,"href":"https:\/\/umfst.ro\/en\/wp-json\/wp\/v2\/users\/25"}],"replies":[{"embeddable":true,"href":"https:\/\/umfst.ro\/en\/wp-json\/wp\/v2\/comments?post=46095"}],"version-history":[{"count":1,"href":"https:\/\/umfst.ro\/en\/wp-json\/wp\/v2\/posts\/46095\/revisions"}],"predecessor-version":[{"id":46097,"href":"https:\/\/umfst.ro\/en\/wp-json\/wp\/v2\/posts\/46095\/revisions\/46097"}],"wp:featuredmedia":[{"embeddable":true,"href":"https:\/\/umfst.ro\/en\/wp-json\/wp\/v2\/media\/46096"}],"wp:attachment":[{"href":"https:\/\/umfst.ro\/en\/wp-json\/wp\/v2\/media?parent=46095"}],"wp:term":[{"taxonomy":"category","embeddable":true,"href":"https:\/\/umfst.ro\/en\/wp-json\/wp\/v2\/categories?post=46095"},{"taxonomy":"post_tag","embeddable":true,"href":"https:\/\/umfst.ro\/en\/wp-json\/wp\/v2\/tags?post=46095"},{"taxonomy":"subiect","embeddable":true,"href":"https:\/\/umfst.ro\/en\/wp-json\/wp\/v2\/subiect?post=46095"}],"curies":[{"name":"wp","href":"https:\/\/api.w.org\/{rel}","templated":true}]}}