{"id":51162,"date":"2026-09-02T12:33:45","date_gmt":"2026-09-02T09:33:45","guid":{"rendered":"https:\/\/umfst.ro\/?p=51162"},"modified":"2026-09-02T12:33:57","modified_gmt":"2026-09-02T09:33:57","slug":"cazarea-studentilor-in-camine-in-anul-universitar-2026-2027","status":"publish","type":"post","link":"https:\/\/umfst.ro\/fr\/blog\/cazarea-studentilor-in-camine-in-anul-universitar-2026-2027\/","title":{"rendered":"Cazarea studen\u021bilor \u00een c\u0103mine \u00een anul universitar 2026-2027"},"content":{"rendered":"<p class=\"wp-block-paragraph\">UMFST G.E. Palade T\u00e2rgu Mure\u0219 informeaz\u0103 studen\u021bii cu privire la repartizarea \u00een c\u0103minele studen\u021be\u0219ti \u00een anul universitar 2026-2027.<\/p>\n\n\n\n<p class=\"wp-block-paragraph\">Studen\u021bii care au ob\u021binut un loc de cazare se vor identifica \u00een tabelul publicat pe site-ul universit\u0103\u021bii, astfel: studen\u021bii anului I cu num\u0103rul legitima\u021biei de concurs sau num\u0103rul dosarului de \u00eenscriere, iar studen\u021bii din anii II \u2013 VI cu num\u0103rul matricol.<\/p>\n\n\n\n<p class=\"wp-block-paragraph\">Toate detaliile referitoare la procedura de cazare sunt disponibile aici: <a href=\"https:\/\/umfst.ro\/universitate\/directia-administrativa\/serviciul-social\/camine-studentesti\/\">https:\/\/umfst.ro\/universitate\/directia-administrativa\/serviciul-social\/camine-studentesti\/<\/a><\/p>","protected":false},"excerpt":{"rendered":"<p>UMFST G.E. Palade T\u00e2rgu Mure\u0219 informeaz\u0103 studen\u021bii cu privire la repartizarea \u00een c\u0103minele studen\u021be\u0219ti \u00een anul universitar 2026-2027. Studen\u021bii care au ob\u021binut un loc de cazare se vor identifica \u00een tabelul publicat pe site-ul universit\u0103\u021bii, astfel: studen\u021bii anului I cu num\u0103rul legitima\u021biei de concurs sau num\u0103rul dosarului de \u00eenscriere, iar studen\u021bii din anii II \u2013 [&hellip;]<\/p>\n","protected":false},"author":25,"featured_media":51163,"comment_status":"closed","ping_status":"closed","sticky":false,"template":"","format":"standard","meta":{"_relevanssi_hide_post":"","_relevanssi_hide_content":"","_relevanssi_pin_for_all":"","_relevanssi_pin_keywords":"","_relevanssi_unpin_keywords":"","_relevanssi_related_keywords":"","_relevanssi_related_include_ids":"","_relevanssi_related_exclude_ids":"","_relevanssi_related_no_append":"","_relevanssi_related_not_related":"","_relevanssi_related_posts":"48714,21421,22005,49306,42023,43217","_relevanssi_noindex_reason":"","footnotes":""},"categories":[38],"tags":[],"subiect":[209],"class_list":["post-51162","post","type-post","status-publish","format-standard","has-post-thumbnail","hentry","category-articol","subiect-viata-studenteasca"],"meta_box":{"text_b6uo101re2g":"","corp_citat":"","autor_citat":"","imagine_autor_citat":false,"afiliere_autor_citat":""},"_links":{"self":[{"href":"https:\/\/umfst.ro\/fr\/wp-json\/wp\/v2\/posts\/51162","targetHints":{"allow":["GET"]}}],"collection":[{"href":"https:\/\/umfst.ro\/fr\/wp-json\/wp\/v2\/posts"}],"about":[{"href":"https:\/\/umfst.ro\/fr\/wp-json\/wp\/v2\/types\/post"}],"author":[{"embeddable":true,"href":"https:\/\/umfst.ro\/fr\/wp-json\/wp\/v2\/users\/25"}],"replies":[{"embeddable":true,"href":"https:\/\/umfst.ro\/fr\/wp-json\/wp\/v2\/comments?post=51162"}],"version-history":[{"count":1,"href":"https:\/\/umfst.ro\/fr\/wp-json\/wp\/v2\/posts\/51162\/revisions"}],"predecessor-version":[{"id":51164,"href":"https:\/\/umfst.ro\/fr\/wp-json\/wp\/v2\/posts\/51162\/revisions\/51164"}],"wp:featuredmedia":[{"embeddable":true,"href":"https:\/\/umfst.ro\/fr\/wp-json\/wp\/v2\/media\/51163"}],"wp:attachment":[{"href":"https:\/\/umfst.ro\/fr\/wp-json\/wp\/v2\/media?parent=51162"}],"wp:term":[{"taxonomy":"category","embeddable":true,"href":"https:\/\/umfst.ro\/fr\/wp-json\/wp\/v2\/categories?post=51162"},{"taxonomy":"post_tag","embeddable":true,"href":"https:\/\/umfst.ro\/fr\/wp-json\/wp\/v2\/tags?post=51162"},{"taxonomy":"subiect","embeddable":true,"href":"https:\/\/umfst.ro\/fr\/wp-json\/wp\/v2\/subiect?post=51162"}],"curies":[{"name":"wp","href":"https:\/\/api.w.org\/{rel}","templated":true}]}}