{"id":19914,"date":"2023-12-08T09:59:09","date_gmt":"2023-12-08T07:59:09","guid":{"rendered":"https:\/\/umfst.ro\/?p=19914"},"modified":"2024-08-13T15:46:30","modified_gmt":"2024-08-13T12:46:30","slug":"evenimente-de-inalta-tinuta-academica","status":"publish","type":"post","link":"https:\/\/umfst.ro\/hu\/blog\/evenimente-de-inalta-tinuta-academica\/","title":{"rendered":"Evenimente de \u00eenalt\u0103 \u021binut\u0103 academic\u0103"},"content":{"rendered":"<p>Rectorul Universit\u0103\u021bii de Arhitectur\u0103 \u0219i Urbanism \u201eIon Mincu&#8221; din Bucure\u0219ti, prof. dr. arh. Marian Moiceanu, \u0219i Rectorul Universit\u0103\u021bii din Salento, Italia, prof. dr. Fabio Pollice, vor fi distin\u0219i cu titlul de Doctor Honoris Causa al UMFST G.E. Palade T\u00e2rgu Mure\u0219. Acordarea titlurilor onorifice va avea loc joi, 14 decembrie, ora 13:30, \u00een Sala Senatului, cu ocazia Zilelor UMFST.<\/p>\n\n\n\n<p>Tot joi va avea loc decernarea Diplomei de onoare \u201eDr. Petre Musc\u0103\u201d. Diploma se acord\u0103 medicilor care nu sunt universitari, dar care au contribuit de-a lungul timpului la dezvoltarea sistemului sanitar din T\u00e2rgu Mure\u0219 \u0219i va fi \u00eenm\u00e2nat\u0103 de c\u0103tre prof. dr. Leonard Azamfirei, Rectorul UMFST G.E. Palade T\u00e2rgu Mure\u0219.<\/p>\n\n\n\n<p>Cele dou\u0103 ceremonii vor fi urmate de lec\u021bia memorial\u0103 George Simu sus\u021binut\u0103 de prof. dr. arh. Marian Moiceanu. Titlul prezent\u0103rii este: Despre spa\u021bii, oameni, sim\u021biri sau pledoarie pentru arhitectur\u0103 \u0219i medicin\u0103.<\/p>\n\n\n\n<p>Invit\u0103m \u00eentreaga comunitate academic\u0103 s\u0103 participe la aceste evenimente.<\/p>","protected":false},"excerpt":{"rendered":"<p>Rectorul Universit\u0103\u021bii de Arhitectur\u0103 \u0219i Urbanism \u201eIon Mincu&#8221; din Bucure\u0219ti, prof. dr. arh. Marian Moiceanu, \u0219i Rectorul Universit\u0103\u021bii din Salento, Italia, prof. dr. Fabio Pollice, vor fi distin\u0219i cu titlul de Doctor Honoris Causa al UMFST G.E. Palade T\u00e2rgu Mure\u0219. Acordarea titlurilor onorifice va avea loc joi, 14 decembrie, ora 13:30, \u00een Sala Senatului, cu [&hellip;]<\/p>\n","protected":false},"author":25,"featured_media":19915,"comment_status":"open","ping_status":"open","sticky":false,"template":"","format":"standard","meta":{"_relevanssi_hide_post":"","_relevanssi_hide_content":"","_relevanssi_pin_for_all":"","_relevanssi_pin_keywords":"","_relevanssi_unpin_keywords":"","_relevanssi_related_keywords":"","_relevanssi_related_include_ids":"","_relevanssi_related_exclude_ids":"","_relevanssi_related_no_append":"","_relevanssi_related_not_related":"","_relevanssi_related_posts":"18755,2390,2388,17973,14895,12881","_relevanssi_noindex_reason":"","footnotes":""},"categories":[38],"tags":[],"subiect":[208],"class_list":["post-19914","post","type-post","status-publish","format-standard","has-post-thumbnail","hentry","category-articol","subiect-info-umfst"],"meta_box":{"titre_du_programme":"","text_b6uo101re2g":"","corp_citat":"","autor_citat":"","imagine_autor_citat":false,"afiliere_autor_citat":""},"_links":{"self":[{"href":"https:\/\/umfst.ro\/hu\/wp-json\/wp\/v2\/posts\/19914","targetHints":{"allow":["GET"]}}],"collection":[{"href":"https:\/\/umfst.ro\/hu\/wp-json\/wp\/v2\/posts"}],"about":[{"href":"https:\/\/umfst.ro\/hu\/wp-json\/wp\/v2\/types\/post"}],"author":[{"embeddable":true,"href":"https:\/\/umfst.ro\/hu\/wp-json\/wp\/v2\/users\/25"}],"replies":[{"embeddable":true,"href":"https:\/\/umfst.ro\/hu\/wp-json\/wp\/v2\/comments?post=19914"}],"version-history":[{"count":1,"href":"https:\/\/umfst.ro\/hu\/wp-json\/wp\/v2\/posts\/19914\/revisions"}],"predecessor-version":[{"id":19916,"href":"https:\/\/umfst.ro\/hu\/wp-json\/wp\/v2\/posts\/19914\/revisions\/19916"}],"wp:featuredmedia":[{"embeddable":true,"href":"https:\/\/umfst.ro\/hu\/wp-json\/wp\/v2\/media\/19915"}],"wp:attachment":[{"href":"https:\/\/umfst.ro\/hu\/wp-json\/wp\/v2\/media?parent=19914"}],"wp:term":[{"taxonomy":"category","embeddable":true,"href":"https:\/\/umfst.ro\/hu\/wp-json\/wp\/v2\/categories?post=19914"},{"taxonomy":"post_tag","embeddable":true,"href":"https:\/\/umfst.ro\/hu\/wp-json\/wp\/v2\/tags?post=19914"},{"taxonomy":"subiect","embeddable":true,"href":"https:\/\/umfst.ro\/hu\/wp-json\/wp\/v2\/subiect?post=19914"}],"curies":[{"name":"wp","href":"https:\/\/api.w.org\/{rel}","templated":true}]}}