{"id":20259,"date":"2023-12-14T12:42:35","date_gmt":"2023-12-14T10:42:35","guid":{"rendered":"https:\/\/umfst.ro\/?p=20259"},"modified":"2024-08-13T15:46:27","modified_gmt":"2024-08-13T12:46:27","slug":"curs-pentru-obtinerea-atestatului-de-studii-complementare-in-vaccinologie","status":"publish","type":"post","link":"https:\/\/umfst.ro\/hu\/blog\/curs-pentru-obtinerea-atestatului-de-studii-complementare-in-vaccinologie\/","title":{"rendered":"Curs pentru ob\u021binerea atestatului de studii complementare \u00een vaccinologie"},"content":{"rendered":"<p><\/p>\n\n\n\n<p>Departamentul de Formare Profesional\u0103 Continu\u0103, UMFST G.E. Palade T\u00e2rgu Mure\u0219, anun\u021b\u0103 organizarea, \u00een perioada 8 ianuarie \u2013 30 aprilie 2024, la Disciplina de Epidemiologie, a unui curs pentru ob\u021binerea atestatului de studii complementare \u00een vaccinologie.<\/p>\n\n\n\n<p>Scopul programului este de a forma medici de diverse specialit\u0103\u021bi pentru dob\u00e2ndirea competen\u021belor necesare recomand\u0103rii \u0219i aplic\u0103rii vaccin\u0103rii at\u00e2t la nivel individual, c\u00e2t \u0219i ca programe la nivelul comunit\u0103\u021bii. Programul se adreseaz\u0103 medicilor din specialit\u0103\u021bi medicale diverse (boli infec\u021bioase, pediatrie, neonatologie, obstetric\u0103-ginecologie, medicina de familie, s\u0103n\u0103tate public\u0103, igien\u0103 etc.). \u00cen urma cursului, ace\u0219tia vor ob\u021bine competen\u021be de vaccinologie \u0219i pot efectua activit\u0103\u021bi de vaccinare, de training \u0219i de cercetare.<\/p>\n\n\n\n<p>Obiectivele generale urm\u0103resc dezvoltarea cuno\u0219tin\u021belor privind mecanismele care stau la baza preven\u021biei unor boli prin vaccinare; dob\u00e2ndirea de abilit\u0103\u021bi \u00een utilizarea vaccinurilor&nbsp; actuale \u0219i aplicarea tehnicilor pentru reducerea riscului de \u00eemboln\u0103vire, incapacitate, deces \u0219i de limitare a extinderii sau eradicarea&nbsp; unor boli care pot genera fenomene de tip epidemic sau pandemic; elaborarea sau adaptarea unor scheme\/strategii de vaccinare pentru ob\u021binerea unui r\u0103spuns imun adecvat care s\u0103 asigure acoperire vaccinal\u0103 optim\u0103 a popula\u021biei cu minimum de reac\u021bii adverse \u0219i&nbsp; abilit\u0103\u021bi de cre\u0219tere a aderen\u021bei la vaccinare la toate categoriile de v\u00e2rst\u0103.<\/p>\n\n\n\n<p>Coordonatorul cursului este prof. dr. Void\u0103zan Toader-Septimiu, iar lectori vor fi: \u0219ef lucr. dr. Bodnar Nina-Ioana, lector dr. B\u0103il\u0103 Iulia, lector dr. Mihai Pavel.<\/p>\n\n\n\n<p>Condi\u021bii de \u00eenscriere: specialitate \u0219i grad profesional &#8211; &nbsp;medici din variate specialit\u0103\u021bi; obligatorii pentru accesul la programul de preg\u0103tire \u2013 absolvent al unui program de licen\u021b\u0103 de medicin\u0103 general\u0103.<\/p>\n\n\n\n<p>Mai multe informa\u021bii despre atestat se pot ob\u021bine acces\u00e2nd <a href=\"https:\/\/www.umfst.ro\/fileadmin\/dfpc\/cursuri\/2023\/Curs_de_VACCINOLOGIE_-_dr._Septimiu_Voidazan.pdf\">linkul<\/a>&nbsp; <\/p>\n\n\n\n<p>Detalii privind taxele de \u00eenscriere \u0219i de \u0219colarizare se ob\u021bin <a href=\"https:\/\/umfst.ro\/info-studenti\/departamentul-de-formare-profesionala-continua-dfpc\/\">aici<\/a>, iar informa\u021bii despre documentele necesare \u00eenscrierii se reg\u0103sesc <a href=\"https:\/\/umfst.ro\/info-studenti\/departamentul-de-formare-profesionala-continua-dfpc\/oferta-educationala\">aici<\/a><\/p>","protected":false},"excerpt":{"rendered":"<p>Departamentul de Formare Profesional\u0103 Continu\u0103, UMFST G.E. Palade T\u00e2rgu Mure\u0219, anun\u021b\u0103 organizarea, \u00een perioada 8 ianuarie \u2013 30 aprilie 2024, la Disciplina de Epidemiologie, a unui curs pentru ob\u021binerea atestatului de studii complementare \u00een vaccinologie. Scopul programului este de a forma medici de diverse specialit\u0103\u021bi pentru dob\u00e2ndirea competen\u021belor necesare recomand\u0103rii \u0219i aplic\u0103rii vaccin\u0103rii at\u00e2t la [&hellip;]<\/p>\n","protected":false},"author":25,"featured_media":20570,"comment_status":"open","ping_status":"open","sticky":false,"template":"","format":"standard","meta":{"_relevanssi_hide_post":"","_relevanssi_hide_content":"","_relevanssi_pin_for_all":"","_relevanssi_pin_keywords":"","_relevanssi_unpin_keywords":"","_relevanssi_related_keywords":"","_relevanssi_related_include_ids":"","_relevanssi_related_exclude_ids":"","_relevanssi_related_no_append":"","_relevanssi_related_not_related":"","_relevanssi_related_posts":"2388,19394,18873,14467,14337,2387","_relevanssi_noindex_reason":"","footnotes":""},"categories":[38],"tags":[],"subiect":[208],"class_list":["post-20259","post","type-post","status-publish","format-standard","has-post-thumbnail","hentry","category-articol","subiect-info-umfst"],"meta_box":{"titre_du_programme":"","text_b6uo101re2g":"","corp_citat":"","autor_citat":"","imagine_autor_citat":false,"afiliere_autor_citat":""},"_links":{"self":[{"href":"https:\/\/umfst.ro\/hu\/wp-json\/wp\/v2\/posts\/20259","targetHints":{"allow":["GET"]}}],"collection":[{"href":"https:\/\/umfst.ro\/hu\/wp-json\/wp\/v2\/posts"}],"about":[{"href":"https:\/\/umfst.ro\/hu\/wp-json\/wp\/v2\/types\/post"}],"author":[{"embeddable":true,"href":"https:\/\/umfst.ro\/hu\/wp-json\/wp\/v2\/users\/25"}],"replies":[{"embeddable":true,"href":"https:\/\/umfst.ro\/hu\/wp-json\/wp\/v2\/comments?post=20259"}],"version-history":[{"count":2,"href":"https:\/\/umfst.ro\/hu\/wp-json\/wp\/v2\/posts\/20259\/revisions"}],"predecessor-version":[{"id":20571,"href":"https:\/\/umfst.ro\/hu\/wp-json\/wp\/v2\/posts\/20259\/revisions\/20571"}],"wp:featuredmedia":[{"embeddable":true,"href":"https:\/\/umfst.ro\/hu\/wp-json\/wp\/v2\/media\/20570"}],"wp:attachment":[{"href":"https:\/\/umfst.ro\/hu\/wp-json\/wp\/v2\/media?parent=20259"}],"wp:term":[{"taxonomy":"category","embeddable":true,"href":"https:\/\/umfst.ro\/hu\/wp-json\/wp\/v2\/categories?post=20259"},{"taxonomy":"post_tag","embeddable":true,"href":"https:\/\/umfst.ro\/hu\/wp-json\/wp\/v2\/tags?post=20259"},{"taxonomy":"subiect","embeddable":true,"href":"https:\/\/umfst.ro\/hu\/wp-json\/wp\/v2\/subiect?post=20259"}],"curies":[{"name":"wp","href":"https:\/\/api.w.org\/{rel}","templated":true}]}}