{"id":36587,"date":"2025-01-24T11:22:11","date_gmt":"2025-01-24T09:22:11","guid":{"rendered":"https:\/\/umfst.ro\/?p=36587"},"modified":"2025-01-24T11:22:13","modified_gmt":"2025-01-24T09:22:13","slug":"24-ianuarie-ziua-unirii-principatelor-romane","status":"publish","type":"post","link":"https:\/\/umfst.ro\/hu\/blog\/24-ianuarie-ziua-unirii-principatelor-romane\/","title":{"rendered":"24 ianuarie &#8211;\u00a0Ziua Unirii Principatelor Rom\u00e2ne"},"content":{"rendered":"<p>24 ianuarie (5 februarie pe stil vechi) &#8211; data reper pentru istoria rom\u00e2nilor marc\u00e2nd realizarea Unirii Principatelor Moldova \u0219i \u021aara Rom\u00e2neasc\u0103.<\/p>\n\n\n\n<p>Un fapt al trecutului cu valoare de lec\u021bie pentru prezent \u0219i viitor, dovad\u0103 c\u0103 idealurile se \u00eemplinesc doar prin efort colectiv, abnega\u021bie \u0219i sacrificiu.<\/p>\n\n\n\n<p>Cu ochi \u0219i suflet de artist, l\u0103s\u0103m cuvintele pictorului Nicolae Grigorescu, conform m\u0103rturiilor lui Alexandru Vlahu\u021b\u0103, s\u0103 v\u0103 ofere pu\u021bin din entuziasmul momentului 24 ianuarie 1859 \u0219i poate s\u0103 v\u0103 inspire \u00een fapte demn pentru voi \u0219i pentru comunitatea din care face\u021bi parte:<\/p>\n\n\n\n<p>\u201e\u00centr-o diminea\u021b\u0103 ne vine vestea c\u0103 s-a ales Cuza domnitor \u00een am\u00e2ndou\u0103 capitalele. Am l\u0103sat tot, am pus \u0219aua pe cal \u0219i fuga la t\u00e2rg. Atunci am v\u0103zut eu ce va s\u0103 zic\u0103 bucuria unui popor. C\u00e2ntece, jocuri, chiote \u00een toate p\u0103r\u021bile. \u00ce\u021bi ie\u0219eau oamenii \u00een drum cu oala plin\u0103 cu vin; care cum se \u00eent\u00e2lneau vorbeau de Cuza, de Unire, se \u00eembr\u0103\u021bi\u0219au \u0219i \u00eencingeau hor\u0103 \u00een mijlocul drumului. \u0218i era un ger de cr\u0103pau pietrele. Da unde mai sta cineva \u00een cas\u0103? Am v\u0103zut b\u0103tr\u00e2ni care pl\u00e2ngeau de bucurie. Nici nu mai era chip s\u0103 ne g\u00e2ndim la altceva. Mi-aduc aminte c\u0103 stam seara p\u00e2n\u0103 t\u00e2rziu \u0219i f\u0103ceam desenuri alegorice despre Unirea Principatelor. Vremi de credin\u021b\u0103 erau acelea! Era mai mult\u0103 iubire \u00eentre oameni \u0219i mai mult\u0103 cinste.\u201d (Alexandru Vlahu\u021b\u0103, Pictorul Nicolae Grigorescu, pag. 15)<\/p>\n\n\n\n<p>Bannerul con\u021bine fotografia picturii Unirii Principatelor, ulei pe p\u00e2nz\u0103, N. Grigorescu; surs\u0103 foto: MNaR.<\/p>","protected":false},"excerpt":{"rendered":"<p>24 ianuarie (5 februarie pe stil vechi) &#8211; data reper pentru istoria rom\u00e2nilor marc\u00e2nd realizarea Unirii Principatelor Moldova \u0219i \u021aara Rom\u00e2neasc\u0103. Un fapt al trecutului cu valoare de lec\u021bie pentru prezent \u0219i viitor, dovad\u0103 c\u0103 idealurile se \u00eemplinesc doar prin efort colectiv, abnega\u021bie \u0219i sacrificiu. Cu ochi \u0219i suflet de artist, l\u0103s\u0103m cuvintele pictorului Nicolae [&hellip;]<\/p>\n","protected":false},"author":19,"featured_media":36588,"comment_status":"open","ping_status":"open","sticky":false,"template":"","format":"standard","meta":{"_relevanssi_hide_post":"","_relevanssi_hide_content":"","_relevanssi_pin_for_all":"","_relevanssi_pin_keywords":"","_relevanssi_unpin_keywords":"","_relevanssi_related_keywords":"","_relevanssi_related_include_ids":"","_relevanssi_related_exclude_ids":"","_relevanssi_related_no_append":"","_relevanssi_related_not_related":"","_relevanssi_related_posts":"20957,18152,24487,21638,20710,14974","_relevanssi_noindex_reason":"","footnotes":""},"categories":[38],"tags":[],"subiect":[208],"class_list":["post-36587","post","type-post","status-publish","format-standard","has-post-thumbnail","hentry","category-articol","subiect-info-umfst"],"meta_box":{"titre_du_programme":"","text_b6uo101re2g":"","corp_citat":"","autor_citat":"","imagine_autor_citat":false,"afiliere_autor_citat":""},"_links":{"self":[{"href":"https:\/\/umfst.ro\/hu\/wp-json\/wp\/v2\/posts\/36587","targetHints":{"allow":["GET"]}}],"collection":[{"href":"https:\/\/umfst.ro\/hu\/wp-json\/wp\/v2\/posts"}],"about":[{"href":"https:\/\/umfst.ro\/hu\/wp-json\/wp\/v2\/types\/post"}],"author":[{"embeddable":true,"href":"https:\/\/umfst.ro\/hu\/wp-json\/wp\/v2\/users\/19"}],"replies":[{"embeddable":true,"href":"https:\/\/umfst.ro\/hu\/wp-json\/wp\/v2\/comments?post=36587"}],"version-history":[{"count":1,"href":"https:\/\/umfst.ro\/hu\/wp-json\/wp\/v2\/posts\/36587\/revisions"}],"predecessor-version":[{"id":36589,"href":"https:\/\/umfst.ro\/hu\/wp-json\/wp\/v2\/posts\/36587\/revisions\/36589"}],"wp:featuredmedia":[{"embeddable":true,"href":"https:\/\/umfst.ro\/hu\/wp-json\/wp\/v2\/media\/36588"}],"wp:attachment":[{"href":"https:\/\/umfst.ro\/hu\/wp-json\/wp\/v2\/media?parent=36587"}],"wp:term":[{"taxonomy":"category","embeddable":true,"href":"https:\/\/umfst.ro\/hu\/wp-json\/wp\/v2\/categories?post=36587"},{"taxonomy":"post_tag","embeddable":true,"href":"https:\/\/umfst.ro\/hu\/wp-json\/wp\/v2\/tags?post=36587"},{"taxonomy":"subiect","embeddable":true,"href":"https:\/\/umfst.ro\/hu\/wp-json\/wp\/v2\/subiect?post=36587"}],"curies":[{"name":"wp","href":"https:\/\/api.w.org\/{rel}","templated":true}]}}