{"id":48087,"date":"2026-04-28T13:39:44","date_gmt":"2026-04-28T10:39:44","guid":{"rendered":"https:\/\/umfst.ro\/?p=48087"},"modified":"2026-04-28T13:39:45","modified_gmt":"2026-04-28T10:39:45","slug":"experienta-proiectului-inspire-traita-de-elevii-liceului-teoretic-lucian-blaga-din-reghin","status":"publish","type":"post","link":"https:\/\/umfst.ro\/hu\/blog\/experienta-proiectului-inspire-traita-de-elevii-liceului-teoretic-lucian-blaga-din-reghin\/","title":{"rendered":"Experien\u021ba proiectului INSPIRE, tr\u0103it\u0103 de elevii Liceului Teoretic \u201eLucian Blaga\u201d din Reghin"},"content":{"rendered":"<p>O incursiune \u00een \u00eenv\u0103\u021bare, dezvoltare \u0219i descoperire personal\u0103, a\u0219a poate fi descris\u0103 experien\u021ba proiectului INSPIRE pentru elevii Liceului Teoretic \u201eLucian Blaga\u201d din Reghin.<\/p>\n\n\n\n<p>Prin activit\u0103\u021bi interactive, sprijin constant \u0219i oportunit\u0103\u021bi de aprofundare a cuno\u0219tin\u021belor, proiectul a devenit un context valoros pentru evolu\u021bia academic\u0103 \u0219i personal\u0103 a participan\u021bilor.<\/p>\n\n\n\n<p>Proiectul Incluziune \u0219i Sprijin pentru Progres, Integritate \u0219i Reu\u0219it\u0103&nbsp; \u00een Educa\u021bie \u2013 INSPIRE, cod MySMIS2021+: 325077, cofinan\u021bat de Uniunea European\u0103, este conceput s\u0103 faciliteze tranzi\u021bia elevilor spre studii universitare \u0219i s\u0103 combat\u0103 abandonul studen\u021bilor deja integra\u021bi \u00een ciclul superior de studii, oferind sprijin adaptat nevoilor specifice.<\/p>","protected":false},"excerpt":{"rendered":"<p>O incursiune \u00een \u00eenv\u0103\u021bare, dezvoltare \u0219i descoperire personal\u0103, a\u0219a poate fi descris\u0103 experien\u021ba proiectului INSPIRE pentru elevii Liceului Teoretic \u201eLucian Blaga\u201d din Reghin. Prin activit\u0103\u021bi interactive, sprijin constant \u0219i oportunit\u0103\u021bi de aprofundare a cuno\u0219tin\u021belor, proiectul a devenit un context valoros pentru evolu\u021bia academic\u0103 \u0219i personal\u0103 a participan\u021bilor. Proiectul Incluziune \u0219i Sprijin pentru Progres, Integritate \u0219i [&hellip;]<\/p>\n","protected":false},"author":25,"featured_media":48088,"comment_status":"open","ping_status":"open","sticky":false,"template":"","format":"standard","meta":{"_relevanssi_hide_post":"","_relevanssi_hide_content":"","_relevanssi_pin_for_all":"","_relevanssi_pin_keywords":"","_relevanssi_unpin_keywords":"","_relevanssi_related_keywords":"","_relevanssi_related_include_ids":"","_relevanssi_related_exclude_ids":"","_relevanssi_related_no_append":"","_relevanssi_related_not_related":"","_relevanssi_related_posts":"32506,44649,47516,46876,46270,44014","_relevanssi_noindex_reason":"","footnotes":""},"categories":[38],"tags":[],"subiect":[208],"class_list":["post-48087","post","type-post","status-publish","format-standard","has-post-thumbnail","hentry","category-articol","subiect-info-umfst"],"meta_box":{"titre_du_programme":"","text_b6uo101re2g":"","corp_citat":"","autor_citat":"","imagine_autor_citat":false,"afiliere_autor_citat":""},"_links":{"self":[{"href":"https:\/\/umfst.ro\/hu\/wp-json\/wp\/v2\/posts\/48087","targetHints":{"allow":["GET"]}}],"collection":[{"href":"https:\/\/umfst.ro\/hu\/wp-json\/wp\/v2\/posts"}],"about":[{"href":"https:\/\/umfst.ro\/hu\/wp-json\/wp\/v2\/types\/post"}],"author":[{"embeddable":true,"href":"https:\/\/umfst.ro\/hu\/wp-json\/wp\/v2\/users\/25"}],"replies":[{"embeddable":true,"href":"https:\/\/umfst.ro\/hu\/wp-json\/wp\/v2\/comments?post=48087"}],"version-history":[{"count":1,"href":"https:\/\/umfst.ro\/hu\/wp-json\/wp\/v2\/posts\/48087\/revisions"}],"predecessor-version":[{"id":48089,"href":"https:\/\/umfst.ro\/hu\/wp-json\/wp\/v2\/posts\/48087\/revisions\/48089"}],"wp:featuredmedia":[{"embeddable":true,"href":"https:\/\/umfst.ro\/hu\/wp-json\/wp\/v2\/media\/48088"}],"wp:attachment":[{"href":"https:\/\/umfst.ro\/hu\/wp-json\/wp\/v2\/media?parent=48087"}],"wp:term":[{"taxonomy":"category","embeddable":true,"href":"https:\/\/umfst.ro\/hu\/wp-json\/wp\/v2\/categories?post=48087"},{"taxonomy":"post_tag","embeddable":true,"href":"https:\/\/umfst.ro\/hu\/wp-json\/wp\/v2\/tags?post=48087"},{"taxonomy":"subiect","embeddable":true,"href":"https:\/\/umfst.ro\/hu\/wp-json\/wp\/v2\/subiect?post=48087"}],"curies":[{"name":"wp","href":"https:\/\/api.w.org\/{rel}","templated":true}]}}